{"id":393,"date":"2021-07-13T10:17:43","date_gmt":"2021-07-13T10:17:43","guid":{"rendered":"http:\/\/www.rianvannieuwkuijk.nl\/blog\/?p=393"},"modified":"2021-07-13T10:22:25","modified_gmt":"2021-07-13T10:22:25","slug":"13-juli-2021","status":"publish","type":"post","link":"http:\/\/www.rianvannieuwkuijk.nl\/blog\/13-juli-2021\/","title":{"rendered":"13 juli 2021"},"content":{"rendered":"<p>Vanavond spat in heel Frankrijk het vuurwerk omhoog om Quatorze Juillet in te luiden.<\/p>\n<p>Voor mij liever g\u00e9\u00e9n Marseillaise, maar w\u00e9l al die andere prachtige Franse chansons!<\/p>\n<p>en nu dan vooral de zomerse liedjes,\u00a0 <strong><em>l&#8217; amour toujours&#8230;<\/em><\/strong><\/p>\n<p><a href=\"http:\/\/www.rianvannieuwkuijk.nl\/blog\/wp-content\/uploads\/2021\/07\/IMG_0394.jpg\"><img decoding=\"async\" loading=\"lazy\" class=\"alignnone size-medium wp-image-394\" src=\"http:\/\/www.rianvannieuwkuijk.nl\/blog\/wp-content\/uploads\/2021\/07\/IMG_0394-300x225.jpg\" alt=\"\" width=\"300\" height=\"225\" srcset=\"http:\/\/www.rianvannieuwkuijk.nl\/blog\/wp-content\/uploads\/2021\/07\/IMG_0394-300x225.jpg 300w, http:\/\/www.rianvannieuwkuijk.nl\/blog\/wp-content\/uploads\/2021\/07\/IMG_0394-768x576.jpg 768w, http:\/\/www.rianvannieuwkuijk.nl\/blog\/wp-content\/uploads\/2021\/07\/IMG_0394-1024x768.jpg 1024w, http:\/\/www.rianvannieuwkuijk.nl\/blog\/wp-content\/uploads\/2021\/07\/IMG_0394.jpg 1057w\" sizes=\"(max-width: 300px) 100vw, 300px\" \/><\/a><\/p>\n<p><em><strong>VAKANTIE LIEFDES&#8230;<\/strong><\/em><\/p>\n<p>zondagmiddag<strong> 12 september a.s. <\/strong>concert in de nazomerzon, vol van z(w)oele vakantieherinneringen!<\/p>\n<p><strong>details over dit concert volgen spoedig<\/strong><\/p>\n","protected":false},"excerpt":{"rendered":"<p>Vanavond spat in heel Frankrijk het vuurwerk omhoog om Quatorze Juillet in te luiden. Voor mij liever g\u00e9\u00e9n Marseillaise, maar w\u00e9l al die andere prachtige Franse chansons! en nu dan vooral de zomerse liedjes,\u00a0 l&#8217; amour toujours&#8230; VAKANTIE LIEFDES&#8230; zondagmiddag 12 september a.s. concert in de nazomerzon, vol van z(w)oele vakantieherinneringen! details over dit concert &hellip; <\/p>\n<p class=\"link-more\"><a href=\"http:\/\/www.rianvannieuwkuijk.nl\/blog\/13-juli-2021\/\" class=\"more-link\"><span class=\"screen-reader-text\">&#8220;13 juli 2021&#8221;<\/span> verder lezen<\/a><\/p>\n","protected":false},"author":1,"featured_media":0,"comment_status":"closed","ping_status":"closed","sticky":false,"template":"","format":"standard","meta":{"footnotes":""},"categories":[1],"tags":[],"_links":{"self":[{"href":"http:\/\/www.rianvannieuwkuijk.nl\/blog\/wp-json\/wp\/v2\/posts\/393"}],"collection":[{"href":"http:\/\/www.rianvannieuwkuijk.nl\/blog\/wp-json\/wp\/v2\/posts"}],"about":[{"href":"http:\/\/www.rianvannieuwkuijk.nl\/blog\/wp-json\/wp\/v2\/types\/post"}],"author":[{"embeddable":true,"href":"http:\/\/www.rianvannieuwkuijk.nl\/blog\/wp-json\/wp\/v2\/users\/1"}],"replies":[{"embeddable":true,"href":"http:\/\/www.rianvannieuwkuijk.nl\/blog\/wp-json\/wp\/v2\/comments?post=393"}],"version-history":[{"count":3,"href":"http:\/\/www.rianvannieuwkuijk.nl\/blog\/wp-json\/wp\/v2\/posts\/393\/revisions"}],"predecessor-version":[{"id":397,"href":"http:\/\/www.rianvannieuwkuijk.nl\/blog\/wp-json\/wp\/v2\/posts\/393\/revisions\/397"}],"wp:attachment":[{"href":"http:\/\/www.rianvannieuwkuijk.nl\/blog\/wp-json\/wp\/v2\/media?parent=393"}],"wp:term":[{"taxonomy":"category","embeddable":true,"href":"http:\/\/www.rianvannieuwkuijk.nl\/blog\/wp-json\/wp\/v2\/categories?post=393"},{"taxonomy":"post_tag","embeddable":true,"href":"http:\/\/www.rianvannieuwkuijk.nl\/blog\/wp-json\/wp\/v2\/tags?post=393"}],"curies":[{"name":"wp","href":"https:\/\/api.w.org\/{rel}","templated":true}]}}